{"id":432,"date":"2016-04-20T15:38:32","date_gmt":"2016-04-20T13:38:32","guid":{"rendered":"https:\/\/www.hypnosinstitutet.com\/sv\/?p=432"},"modified":"2016-04-20T15:45:58","modified_gmt":"2016-04-20T13:45:58","slug":"sjalvhypnoskurs-kurs-i-hypnossjalvhypnos-den-21-22-maj","status":"publish","type":"post","link":"https:\/\/www.hypnosinstitutet.com\/sv\/blogg\/sjalvhypnoskurs-kurs-i-hypnossjalvhypnos-den-21-22-maj","title":{"rendered":"Sj\u00e4lvhypnoskurs \u2013 kurs i hypnos\/sj\u00e4lvhypnos den 21-22 maj"},"content":{"rendered":"<div>Det blir drygt\u00a0tv\u00e5 och ett halvt \u00e5r sedan (november 2013) den senaste kursen i sj\u00e4lvhypnos h\u00f6lls och d\u00e5 inga fler kurstillf\u00e4llen planerats in s\u00e5 kan det dr\u00f6ja minst lika l\u00e4nge till n\u00e4sta g\u00e5ng en kurs i sj\u00e4lvhypnos g\u00e5r av stapeln igen. Detta fr\u00e4mst beroende p\u00e5 att denna del av verksamheten glesats ut f\u00f6r att l\u00e4mna plats \u00e5t annat. Det har dock varit s\u00e5 pass m\u00e5nga f\u00f6rfr\u00e5gningar nu s\u00e5 att detta sj\u00e4lvhypnoskurstillf\u00e4lle naturligt vuxit fram. Platsen har flyttats och h\u00e5lls nu i en minimal lokal med mycket begr\u00e4nsat antal platser och jag r\u00e4knar med att platserna fylls upp inom de n\u00e4rmsta tv\u00e5 veckorna (konservativt r\u00e4knat baserat p\u00e5 tidigare sj\u00e4lvhypnoskurstillf\u00e4llen genom \u00e5ren).<\/div>\n<div><\/div>\n<div>F\u00f6r ans\u00f6kan till kursen i sj\u00e4lvhypnos har du f\u00f6ljande alternativ att v\u00e4lja mellan:<br \/>\n\u2022\u00a0\u00a0\u00a0 E-posta p\u00e5: <a href=\"mailto:info@hypnosinstitutet.com\">info@hypnosinstitutet.com<\/a> och skriv \u201dkursinfo\u201d i \u00e4mnesraden s\u00e5 s\u00e4nds kursinformationen till dig<br \/>\n\u2022\u00a0\u00a0\u00a0 Ring: 08-600 29 00<br \/>\n\u2022\u00a0\u00a0\u00a0 Skriv till: Hypnosinstitutet i Stockholm, Arbetargatan 32, 112 45\u00a0 STOCKHOLM<br \/>\nAns\u00f6k nu om kursinformation s\u00e5 meddelas du om plats\/er finns kvar<\/div>\n<div><\/div>\n<div>Ny (tillf\u00e4llig) lokal p\u00e5 Kungsholmen g\u00e4ller f\u00f6r denna g\u00e5ng. Observera att antalet platser \u00e4r begr\u00e4nsade d\u00e5 detta h\u00e5lls i en mindre lokal, i skrivande stund finns det ett f\u00e5tal platser kvar. Inga \u00f6vriga datum f\u00f6r kurs i hypnos eller sj\u00e4lvhypnos \u00e4r inplanerade efter detta.<\/div>\n<div><\/div>\n<div>Information och ans\u00f6kan f\u00f6r sj\u00e4lvhypnoskursen f\u00e5r du \u00e4n en g\u00e5ng enklast genom att e-posta: <a href=\"mailto:info@hypnosinstitutet.com\">info@hypnosinstitutet.com<\/a> och skriva &#8221;kursinfo&#8221; i \u00e4mnesraden alternativt ringa 08-600 29 00.<\/div>\n<div><\/div>\n<div>H\u00e5kan K\u00e4llving<\/div>\n","protected":false},"excerpt":{"rendered":"<p>Det blir drygt\u00a0tv\u00e5 och ett halvt \u00e5r sedan (november 2013) den senaste kursen i sj\u00e4lvhypnos h\u00f6lls och d\u00e5 inga fler kurstillf\u00e4llen planerats in s\u00e5 kan det dr\u00f6ja minst lika l\u00e4nge till n\u00e4sta g\u00e5ng en kurs i sj\u00e4lvhypnos g\u00e5r av stapeln igen. Detta fr\u00e4mst beroende p\u00e5 att denna del av verksamheten glesats ut f\u00f6r att l\u00e4mna&#8230;<\/p>\n","protected":false},"author":1,"featured_media":0,"comment_status":"open","ping_status":"open","sticky":false,"template":"","format":"standard","meta":{"footnotes":""},"categories":[5],"tags":[],"class_list":["post-432","post","type-post","status-publish","format-standard","hentry","category-sjalvhypnos"],"yoast_head":"<!-- This site is optimized with the Yoast SEO plugin v27.5 - https:\/\/yoast.com\/product\/yoast-seo-wordpress\/ -->\n<title>Sj\u00e4lvhypnoskurs \u2013 kurs i hypnos\/sj\u00e4lvhypnos den 21-22 maj - Hypnosinstitutet i Stockholm<\/title>\n<meta name=\"robots\" content=\"index, follow, max-snippet:-1, max-image-preview:large, max-video-preview:-1\" \/>\n<link rel=\"canonical\" href=\"https:\/\/www.hypnosinstitutet.com\/sv\/blogg\/sjalvhypnoskurs-kurs-i-hypnossjalvhypnos-den-21-22-maj\" \/>\n<meta property=\"og:locale\" content=\"sv_SE\" \/>\n<meta property=\"og:type\" content=\"article\" \/>\n<meta property=\"og:title\" content=\"Sj\u00e4lvhypnoskurs \u2013 kurs i hypnos\/sj\u00e4lvhypnos den 21-22 maj - Hypnosinstitutet i Stockholm\" \/>\n<meta property=\"og:description\" content=\"Det blir drygt\u00a0tv\u00e5 och ett halvt \u00e5r sedan (november 2013) den senaste kursen i sj\u00e4lvhypnos h\u00f6lls och d\u00e5 inga fler kurstillf\u00e4llen planerats in s\u00e5 kan det dr\u00f6ja minst lika l\u00e4nge till n\u00e4sta g\u00e5ng en kurs i sj\u00e4lvhypnos g\u00e5r av stapeln igen. Detta fr\u00e4mst beroende p\u00e5 att denna del av verksamheten glesats ut f\u00f6r att l\u00e4mna...\" \/>\n<meta property=\"og:url\" content=\"https:\/\/www.hypnosinstitutet.com\/sv\/blogg\/sjalvhypnoskurs-kurs-i-hypnossjalvhypnos-den-21-22-maj\" \/>\n<meta property=\"og:site_name\" content=\"Hypnosinstitutet i Stockholm\" \/>\n<meta property=\"article:published_time\" content=\"2016-04-20T13:38:32+00:00\" \/>\n<meta property=\"article:modified_time\" content=\"2016-04-20T13:45:58+00:00\" \/>\n<meta name=\"author\" content=\"H\u00e5kan K\u00e4llving\" \/>\n<meta name=\"twitter:card\" content=\"summary_large_image\" \/>\n<meta name=\"twitter:label1\" content=\"Skriven av\" \/>\n\t<meta name=\"twitter:data1\" content=\"H\u00e5kan K\u00e4llving\" \/>\n\t<meta name=\"twitter:label2\" content=\"Ber\u00e4knad l\u00e4stid\" \/>\n\t<meta name=\"twitter:data2\" content=\"1 minut\" \/>\n<script type=\"application\/ld+json\" class=\"yoast-schema-graph\">{\"@context\":\"https:\\\/\\\/schema.org\",\"@graph\":[{\"@type\":\"Article\",\"@id\":\"https:\\\/\\\/www.hypnosinstitutet.com\\\/sv\\\/blogg\\\/sjalvhypnoskurs-kurs-i-hypnossjalvhypnos-den-21-22-maj#article\",\"isPartOf\":{\"@id\":\"https:\\\/\\\/www.hypnosinstitutet.com\\\/sv\\\/blogg\\\/sjalvhypnoskurs-kurs-i-hypnossjalvhypnos-den-21-22-maj\"},\"author\":{\"name\":\"H\u00e5kan K\u00e4llving\",\"@id\":\"https:\\\/\\\/www.hypnosinstitutet.com\\\/sv\\\/#\\\/schema\\\/person\\\/708ecc4150f6e100a36c97043a1a5d57\"},\"headline\":\"Sj\u00e4lvhypnoskurs \u2013 kurs i hypnos\\\/sj\u00e4lvhypnos den 21-22 maj\",\"datePublished\":\"2016-04-20T13:38:32+00:00\",\"dateModified\":\"2016-04-20T13:45:58+00:00\",\"mainEntityOfPage\":{\"@id\":\"https:\\\/\\\/www.hypnosinstitutet.com\\\/sv\\\/blogg\\\/sjalvhypnoskurs-kurs-i-hypnossjalvhypnos-den-21-22-maj\"},\"wordCount\":287,\"commentCount\":1,\"publisher\":{\"@id\":\"https:\\\/\\\/www.hypnosinstitutet.com\\\/sv\\\/#\\\/schema\\\/person\\\/708ecc4150f6e100a36c97043a1a5d57\"},\"articleSection\":[\"Sj\u00e4lvhypnoskurser\"],\"inLanguage\":\"sv-SE\",\"potentialAction\":[{\"@type\":\"CommentAction\",\"name\":\"Comment\",\"target\":[\"https:\\\/\\\/www.hypnosinstitutet.com\\\/sv\\\/blogg\\\/sjalvhypnoskurs-kurs-i-hypnossjalvhypnos-den-21-22-maj#respond\"]}]},{\"@type\":\"WebPage\",\"@id\":\"https:\\\/\\\/www.hypnosinstitutet.com\\\/sv\\\/blogg\\\/sjalvhypnoskurs-kurs-i-hypnossjalvhypnos-den-21-22-maj\",\"url\":\"https:\\\/\\\/www.hypnosinstitutet.com\\\/sv\\\/blogg\\\/sjalvhypnoskurs-kurs-i-hypnossjalvhypnos-den-21-22-maj\",\"name\":\"Sj\u00e4lvhypnoskurs \u2013 kurs i hypnos\\\/sj\u00e4lvhypnos den 21-22 maj - Hypnosinstitutet i Stockholm\",\"isPartOf\":{\"@id\":\"https:\\\/\\\/www.hypnosinstitutet.com\\\/sv\\\/#website\"},\"datePublished\":\"2016-04-20T13:38:32+00:00\",\"dateModified\":\"2016-04-20T13:45:58+00:00\",\"breadcrumb\":{\"@id\":\"https:\\\/\\\/www.hypnosinstitutet.com\\\/sv\\\/blogg\\\/sjalvhypnoskurs-kurs-i-hypnossjalvhypnos-den-21-22-maj#breadcrumb\"},\"inLanguage\":\"sv-SE\",\"potentialAction\":[{\"@type\":\"ReadAction\",\"target\":[\"https:\\\/\\\/www.hypnosinstitutet.com\\\/sv\\\/blogg\\\/sjalvhypnoskurs-kurs-i-hypnossjalvhypnos-den-21-22-maj\"]}]},{\"@type\":\"BreadcrumbList\",\"@id\":\"https:\\\/\\\/www.hypnosinstitutet.com\\\/sv\\\/blogg\\\/sjalvhypnoskurs-kurs-i-hypnossjalvhypnos-den-21-22-maj#breadcrumb\",\"itemListElement\":[{\"@type\":\"ListItem\",\"position\":1,\"name\":\"Hem\",\"item\":\"https:\\\/\\\/www.hypnosinstitutet.com\\\/sv\\\/\"},{\"@type\":\"ListItem\",\"position\":2,\"name\":\"Sj\u00e4lvhypnoskurs \u2013 kurs i hypnos\\\/sj\u00e4lvhypnos den 21-22 maj\"}]},{\"@type\":\"WebSite\",\"@id\":\"https:\\\/\\\/www.hypnosinstitutet.com\\\/sv\\\/#website\",\"url\":\"https:\\\/\\\/www.hypnosinstitutet.com\\\/sv\\\/\",\"name\":\"Hypnosinstitutet\",\"description\":\"Hypnos &amp; sj\u00e4lvhypnos f\u00f6r personlig f\u00f6r\u00e4ndring\",\"publisher\":{\"@id\":\"https:\\\/\\\/www.hypnosinstitutet.com\\\/sv\\\/#\\\/schema\\\/person\\\/708ecc4150f6e100a36c97043a1a5d57\"},\"potentialAction\":[{\"@type\":\"SearchAction\",\"target\":{\"@type\":\"EntryPoint\",\"urlTemplate\":\"https:\\\/\\\/www.hypnosinstitutet.com\\\/sv\\\/?s={search_term_string}\"},\"query-input\":{\"@type\":\"PropertyValueSpecification\",\"valueRequired\":true,\"valueName\":\"search_term_string\"}}],\"inLanguage\":\"sv-SE\"},{\"@type\":[\"Person\",\"Organization\"],\"@id\":\"https:\\\/\\\/www.hypnosinstitutet.com\\\/sv\\\/#\\\/schema\\\/person\\\/708ecc4150f6e100a36c97043a1a5d57\",\"name\":\"H\u00e5kan K\u00e4llving\",\"image\":{\"@type\":\"ImageObject\",\"inLanguage\":\"sv-SE\",\"@id\":\"https:\\\/\\\/www.hypnosinstitutet.com\\\/sv\\\/wp-content\\\/uploads\\\/2016\\\/04\\\/IMG.jpg\",\"url\":\"https:\\\/\\\/www.hypnosinstitutet.com\\\/sv\\\/wp-content\\\/uploads\\\/2016\\\/04\\\/IMG.jpg\",\"contentUrl\":\"https:\\\/\\\/www.hypnosinstitutet.com\\\/sv\\\/wp-content\\\/uploads\\\/2016\\\/04\\\/IMG.jpg\",\"width\":2054,\"height\":2053,\"caption\":\"H\u00e5kan K\u00e4llving\"},\"logo\":{\"@id\":\"https:\\\/\\\/www.hypnosinstitutet.com\\\/sv\\\/wp-content\\\/uploads\\\/2016\\\/04\\\/IMG.jpg\"},\"sameAs\":[\"https:\\\/\\\/www.hypnosinstitutet.com\"],\"url\":\"https:\\\/\\\/www.hypnosinstitutet.com\\\/sv\\\/blogg\\\/author\\\/admin\"}]}<\/script>\n<!-- \/ Yoast SEO plugin. -->","yoast_head_json":{"title":"Sj\u00e4lvhypnoskurs \u2013 kurs i hypnos\/sj\u00e4lvhypnos den 21-22 maj - Hypnosinstitutet i Stockholm","robots":{"index":"index","follow":"follow","max-snippet":"max-snippet:-1","max-image-preview":"max-image-preview:large","max-video-preview":"max-video-preview:-1"},"canonical":"https:\/\/www.hypnosinstitutet.com\/sv\/blogg\/sjalvhypnoskurs-kurs-i-hypnossjalvhypnos-den-21-22-maj","og_locale":"sv_SE","og_type":"article","og_title":"Sj\u00e4lvhypnoskurs \u2013 kurs i hypnos\/sj\u00e4lvhypnos den 21-22 maj - Hypnosinstitutet i Stockholm","og_description":"Det blir drygt\u00a0tv\u00e5 och ett halvt \u00e5r sedan (november 2013) den senaste kursen i sj\u00e4lvhypnos h\u00f6lls och d\u00e5 inga fler kurstillf\u00e4llen planerats in s\u00e5 kan det dr\u00f6ja minst lika l\u00e4nge till n\u00e4sta g\u00e5ng en kurs i sj\u00e4lvhypnos g\u00e5r av stapeln igen. Detta fr\u00e4mst beroende p\u00e5 att denna del av verksamheten glesats ut f\u00f6r att l\u00e4mna...","og_url":"https:\/\/www.hypnosinstitutet.com\/sv\/blogg\/sjalvhypnoskurs-kurs-i-hypnossjalvhypnos-den-21-22-maj","og_site_name":"Hypnosinstitutet i Stockholm","article_published_time":"2016-04-20T13:38:32+00:00","article_modified_time":"2016-04-20T13:45:58+00:00","author":"H\u00e5kan K\u00e4llving","twitter_card":"summary_large_image","twitter_misc":{"Skriven av":"H\u00e5kan K\u00e4llving","Ber\u00e4knad l\u00e4stid":"1 minut"},"schema":{"@context":"https:\/\/schema.org","@graph":[{"@type":"Article","@id":"https:\/\/www.hypnosinstitutet.com\/sv\/blogg\/sjalvhypnoskurs-kurs-i-hypnossjalvhypnos-den-21-22-maj#article","isPartOf":{"@id":"https:\/\/www.hypnosinstitutet.com\/sv\/blogg\/sjalvhypnoskurs-kurs-i-hypnossjalvhypnos-den-21-22-maj"},"author":{"name":"H\u00e5kan K\u00e4llving","@id":"https:\/\/www.hypnosinstitutet.com\/sv\/#\/schema\/person\/708ecc4150f6e100a36c97043a1a5d57"},"headline":"Sj\u00e4lvhypnoskurs \u2013 kurs i hypnos\/sj\u00e4lvhypnos den 21-22 maj","datePublished":"2016-04-20T13:38:32+00:00","dateModified":"2016-04-20T13:45:58+00:00","mainEntityOfPage":{"@id":"https:\/\/www.hypnosinstitutet.com\/sv\/blogg\/sjalvhypnoskurs-kurs-i-hypnossjalvhypnos-den-21-22-maj"},"wordCount":287,"commentCount":1,"publisher":{"@id":"https:\/\/www.hypnosinstitutet.com\/sv\/#\/schema\/person\/708ecc4150f6e100a36c97043a1a5d57"},"articleSection":["Sj\u00e4lvhypnoskurser"],"inLanguage":"sv-SE","potentialAction":[{"@type":"CommentAction","name":"Comment","target":["https:\/\/www.hypnosinstitutet.com\/sv\/blogg\/sjalvhypnoskurs-kurs-i-hypnossjalvhypnos-den-21-22-maj#respond"]}]},{"@type":"WebPage","@id":"https:\/\/www.hypnosinstitutet.com\/sv\/blogg\/sjalvhypnoskurs-kurs-i-hypnossjalvhypnos-den-21-22-maj","url":"https:\/\/www.hypnosinstitutet.com\/sv\/blogg\/sjalvhypnoskurs-kurs-i-hypnossjalvhypnos-den-21-22-maj","name":"Sj\u00e4lvhypnoskurs \u2013 kurs i hypnos\/sj\u00e4lvhypnos den 21-22 maj - Hypnosinstitutet i Stockholm","isPartOf":{"@id":"https:\/\/www.hypnosinstitutet.com\/sv\/#website"},"datePublished":"2016-04-20T13:38:32+00:00","dateModified":"2016-04-20T13:45:58+00:00","breadcrumb":{"@id":"https:\/\/www.hypnosinstitutet.com\/sv\/blogg\/sjalvhypnoskurs-kurs-i-hypnossjalvhypnos-den-21-22-maj#breadcrumb"},"inLanguage":"sv-SE","potentialAction":[{"@type":"ReadAction","target":["https:\/\/www.hypnosinstitutet.com\/sv\/blogg\/sjalvhypnoskurs-kurs-i-hypnossjalvhypnos-den-21-22-maj"]}]},{"@type":"BreadcrumbList","@id":"https:\/\/www.hypnosinstitutet.com\/sv\/blogg\/sjalvhypnoskurs-kurs-i-hypnossjalvhypnos-den-21-22-maj#breadcrumb","itemListElement":[{"@type":"ListItem","position":1,"name":"Hem","item":"https:\/\/www.hypnosinstitutet.com\/sv\/"},{"@type":"ListItem","position":2,"name":"Sj\u00e4lvhypnoskurs \u2013 kurs i hypnos\/sj\u00e4lvhypnos den 21-22 maj"}]},{"@type":"WebSite","@id":"https:\/\/www.hypnosinstitutet.com\/sv\/#website","url":"https:\/\/www.hypnosinstitutet.com\/sv\/","name":"Hypnosinstitutet","description":"Hypnos &amp; sj\u00e4lvhypnos f\u00f6r personlig f\u00f6r\u00e4ndring","publisher":{"@id":"https:\/\/www.hypnosinstitutet.com\/sv\/#\/schema\/person\/708ecc4150f6e100a36c97043a1a5d57"},"potentialAction":[{"@type":"SearchAction","target":{"@type":"EntryPoint","urlTemplate":"https:\/\/www.hypnosinstitutet.com\/sv\/?s={search_term_string}"},"query-input":{"@type":"PropertyValueSpecification","valueRequired":true,"valueName":"search_term_string"}}],"inLanguage":"sv-SE"},{"@type":["Person","Organization"],"@id":"https:\/\/www.hypnosinstitutet.com\/sv\/#\/schema\/person\/708ecc4150f6e100a36c97043a1a5d57","name":"H\u00e5kan K\u00e4llving","image":{"@type":"ImageObject","inLanguage":"sv-SE","@id":"https:\/\/www.hypnosinstitutet.com\/sv\/wp-content\/uploads\/2016\/04\/IMG.jpg","url":"https:\/\/www.hypnosinstitutet.com\/sv\/wp-content\/uploads\/2016\/04\/IMG.jpg","contentUrl":"https:\/\/www.hypnosinstitutet.com\/sv\/wp-content\/uploads\/2016\/04\/IMG.jpg","width":2054,"height":2053,"caption":"H\u00e5kan K\u00e4llving"},"logo":{"@id":"https:\/\/www.hypnosinstitutet.com\/sv\/wp-content\/uploads\/2016\/04\/IMG.jpg"},"sameAs":["https:\/\/www.hypnosinstitutet.com"],"url":"https:\/\/www.hypnosinstitutet.com\/sv\/blogg\/author\/admin"}]}},"_links":{"self":[{"href":"https:\/\/www.hypnosinstitutet.com\/sv\/wp-json\/wp\/v2\/posts\/432","targetHints":{"allow":["GET"]}}],"collection":[{"href":"https:\/\/www.hypnosinstitutet.com\/sv\/wp-json\/wp\/v2\/posts"}],"about":[{"href":"https:\/\/www.hypnosinstitutet.com\/sv\/wp-json\/wp\/v2\/types\/post"}],"author":[{"embeddable":true,"href":"https:\/\/www.hypnosinstitutet.com\/sv\/wp-json\/wp\/v2\/users\/1"}],"replies":[{"embeddable":true,"href":"https:\/\/www.hypnosinstitutet.com\/sv\/wp-json\/wp\/v2\/comments?post=432"}],"version-history":[{"count":6,"href":"https:\/\/www.hypnosinstitutet.com\/sv\/wp-json\/wp\/v2\/posts\/432\/revisions"}],"predecessor-version":[{"id":438,"href":"https:\/\/www.hypnosinstitutet.com\/sv\/wp-json\/wp\/v2\/posts\/432\/revisions\/438"}],"wp:attachment":[{"href":"https:\/\/www.hypnosinstitutet.com\/sv\/wp-json\/wp\/v2\/media?parent=432"}],"wp:term":[{"taxonomy":"category","embeddable":true,"href":"https:\/\/www.hypnosinstitutet.com\/sv\/wp-json\/wp\/v2\/categories?post=432"},{"taxonomy":"post_tag","embeddable":true,"href":"https:\/\/www.hypnosinstitutet.com\/sv\/wp-json\/wp\/v2\/tags?post=432"}],"curies":[{"name":"wp","href":"https:\/\/api.w.org\/{rel}","templated":true}]}}