{"id":482,"date":"2017-04-26T23:17:31","date_gmt":"2017-04-26T21:17:31","guid":{"rendered":"https:\/\/www.hypnosinstitutet.com\/sv\/?p=482"},"modified":"2017-04-27T01:57:08","modified_gmt":"2017-04-26T23:57:08","slug":"sjalvhypnoskurs-kurs-i-hypnos-och-sjalvhypnos-den-27-28-maj","status":"publish","type":"post","link":"https:\/\/www.hypnosinstitutet.com\/sv\/blogg\/sjalvhypnoskurs-kurs-i-hypnos-och-sjalvhypnos-den-27-28-maj","title":{"rendered":"Sj\u00e4lvhypnoskurs &#8211; kurs i hypnos och sj\u00e4lvhypnos den 27-28 maj"},"content":{"rendered":"<h1><strong>Sj\u00e4lvhypnoskursen den 27-28 maj 2017 &#8211; ett komplett steg-f\u00f6r-steg program f\u00f6r personlig f\u00f6r\u00e4ndring<\/strong><\/h1>\n<div><\/div>\n<div>Det blir drygt ett \u00e5r sedan den senaste kursen i sj\u00e4lvhypnos h\u00f6lls och d\u00e5 inga fler kurstillf\u00e4llen planerats in s\u00e5 l\u00e4r det dr\u00f6ja minst lika l\u00e4nge tills n\u00e4sta kurstillf\u00e4lle g\u00e5r av stapeln igen. Detta fr\u00e4mst d\u00e5 kursverksamheten glesats ut f\u00f6r att bereda plats \u00e5t annat. Dock har det blivit s\u00e5 pass m\u00e5nga f\u00f6rfr\u00e5gningar nu s\u00e5 att detta sj\u00e4lvhypnoskurstillf\u00e4lle i slutet av maj naturligt vuxit fram. Vi h\u00e5ller denna g\u00e5ng till i den minsta av lokalerna varp\u00e5 jag r\u00e4knar med att platserna fylls upp inom de n\u00e4rmsta tv\u00e5 veckorna (konservativt r\u00e4knat baserat p\u00e5 tidigare sj\u00e4lvhypnoskurstillf\u00e4llen genom \u00e5ren).<br \/>\nF\u00f6r information &amp; ans\u00f6kan till kursen i sj\u00e4lvhypnos har du f\u00f6ljande alternativ att v\u00e4lja mellan:<br \/>\n\u2022\u00a0\u00a0\u00a0 E-posta p\u00e5: <a href=\"mailto:info@hypnosinstitutet.com\">info@hypnosinstitutet.com<\/a> och skriv \u201dkursinfo maj 2017\u201d i \u00e4mnesraden s\u00e5 f\u00e5r du informationen via en PDF-fil.<br \/>\n\u2022\u00a0\u00a0\u00a0 Ring: 08-600 29 00<br \/>\n\u2022\u00a0\u00a0\u00a0 Skriv till:<\/div>\n<div>Hypnosinstitutet i Stockholm<br \/>\nArbetargatan 32<br \/>\n112 45\u00a0 STOCKHOLM<\/div>\n","protected":false},"excerpt":{"rendered":"<p>Sj\u00e4lvhypnoskursen den 27-28 maj 2017 &#8211; ett komplett steg-f\u00f6r-steg program f\u00f6r personlig f\u00f6r\u00e4ndring Det blir drygt ett \u00e5r sedan den senaste kursen i sj\u00e4lvhypnos h\u00f6lls och d\u00e5 inga fler kurstillf\u00e4llen planerats in s\u00e5 l\u00e4r det dr\u00f6ja minst lika l\u00e4nge tills n\u00e4sta kurstillf\u00e4lle g\u00e5r av stapeln igen. Detta fr\u00e4mst d\u00e5 kursverksamheten glesats ut f\u00f6r att bereda&#8230;<\/p>\n","protected":false},"author":1,"featured_media":0,"comment_status":"open","ping_status":"open","sticky":false,"template":"","format":"standard","meta":{"footnotes":""},"categories":[5],"tags":[],"class_list":["post-482","post","type-post","status-publish","format-standard","hentry","category-sjalvhypnos"],"yoast_head":"<!-- This site is optimized with the Yoast SEO plugin v27.5 - https:\/\/yoast.com\/product\/yoast-seo-wordpress\/ -->\n<title>Sj\u00e4lvhypnoskurs - kurs i hypnos och sj\u00e4lvhypnos den 27-28 maj - Hypnosinstitutet i Stockholm<\/title>\n<meta name=\"robots\" content=\"index, follow, max-snippet:-1, max-image-preview:large, max-video-preview:-1\" \/>\n<link rel=\"canonical\" href=\"https:\/\/www.hypnosinstitutet.com\/sv\/blogg\/sjalvhypnoskurs-kurs-i-hypnos-och-sjalvhypnos-den-27-28-maj\" \/>\n<meta property=\"og:locale\" content=\"sv_SE\" \/>\n<meta property=\"og:type\" content=\"article\" \/>\n<meta property=\"og:title\" content=\"Sj\u00e4lvhypnoskurs - kurs i hypnos och sj\u00e4lvhypnos den 27-28 maj - Hypnosinstitutet i Stockholm\" \/>\n<meta property=\"og:description\" content=\"Sj\u00e4lvhypnoskursen den 27-28 maj 2017 &#8211; ett komplett steg-f\u00f6r-steg program f\u00f6r personlig f\u00f6r\u00e4ndring Det blir drygt ett \u00e5r sedan den senaste kursen i sj\u00e4lvhypnos h\u00f6lls och d\u00e5 inga fler kurstillf\u00e4llen planerats in s\u00e5 l\u00e4r det dr\u00f6ja minst lika l\u00e4nge tills n\u00e4sta kurstillf\u00e4lle g\u00e5r av stapeln igen. Detta fr\u00e4mst d\u00e5 kursverksamheten glesats ut f\u00f6r att bereda...\" \/>\n<meta property=\"og:url\" content=\"https:\/\/www.hypnosinstitutet.com\/sv\/blogg\/sjalvhypnoskurs-kurs-i-hypnos-och-sjalvhypnos-den-27-28-maj\" \/>\n<meta property=\"og:site_name\" content=\"Hypnosinstitutet i Stockholm\" \/>\n<meta property=\"article:published_time\" content=\"2017-04-26T21:17:31+00:00\" \/>\n<meta property=\"article:modified_time\" content=\"2017-04-26T23:57:08+00:00\" \/>\n<meta name=\"author\" content=\"H\u00e5kan K\u00e4llving\" \/>\n<meta name=\"twitter:card\" content=\"summary_large_image\" \/>\n<meta name=\"twitter:label1\" content=\"Skriven av\" \/>\n\t<meta name=\"twitter:data1\" content=\"H\u00e5kan K\u00e4llving\" \/>\n\t<meta name=\"twitter:label2\" content=\"Ber\u00e4knad l\u00e4stid\" \/>\n\t<meta name=\"twitter:data2\" content=\"1 minut\" \/>\n<script type=\"application\/ld+json\" class=\"yoast-schema-graph\">{\"@context\":\"https:\\\/\\\/schema.org\",\"@graph\":[{\"@type\":\"Article\",\"@id\":\"https:\\\/\\\/www.hypnosinstitutet.com\\\/sv\\\/blogg\\\/sjalvhypnoskurs-kurs-i-hypnos-och-sjalvhypnos-den-27-28-maj#article\",\"isPartOf\":{\"@id\":\"https:\\\/\\\/www.hypnosinstitutet.com\\\/sv\\\/blogg\\\/sjalvhypnoskurs-kurs-i-hypnos-och-sjalvhypnos-den-27-28-maj\"},\"author\":{\"name\":\"H\u00e5kan K\u00e4llving\",\"@id\":\"https:\\\/\\\/www.hypnosinstitutet.com\\\/sv\\\/#\\\/schema\\\/person\\\/708ecc4150f6e100a36c97043a1a5d57\"},\"headline\":\"Sj\u00e4lvhypnoskurs &#8211; kurs i hypnos och sj\u00e4lvhypnos den 27-28 maj\",\"datePublished\":\"2017-04-26T21:17:31+00:00\",\"dateModified\":\"2017-04-26T23:57:08+00:00\",\"mainEntityOfPage\":{\"@id\":\"https:\\\/\\\/www.hypnosinstitutet.com\\\/sv\\\/blogg\\\/sjalvhypnoskurs-kurs-i-hypnos-och-sjalvhypnos-den-27-28-maj\"},\"wordCount\":196,\"commentCount\":0,\"publisher\":{\"@id\":\"https:\\\/\\\/www.hypnosinstitutet.com\\\/sv\\\/#\\\/schema\\\/person\\\/708ecc4150f6e100a36c97043a1a5d57\"},\"articleSection\":[\"Sj\u00e4lvhypnoskurser\"],\"inLanguage\":\"sv-SE\",\"potentialAction\":[{\"@type\":\"CommentAction\",\"name\":\"Comment\",\"target\":[\"https:\\\/\\\/www.hypnosinstitutet.com\\\/sv\\\/blogg\\\/sjalvhypnoskurs-kurs-i-hypnos-och-sjalvhypnos-den-27-28-maj#respond\"]}]},{\"@type\":\"WebPage\",\"@id\":\"https:\\\/\\\/www.hypnosinstitutet.com\\\/sv\\\/blogg\\\/sjalvhypnoskurs-kurs-i-hypnos-och-sjalvhypnos-den-27-28-maj\",\"url\":\"https:\\\/\\\/www.hypnosinstitutet.com\\\/sv\\\/blogg\\\/sjalvhypnoskurs-kurs-i-hypnos-och-sjalvhypnos-den-27-28-maj\",\"name\":\"Sj\u00e4lvhypnoskurs - kurs i hypnos och sj\u00e4lvhypnos den 27-28 maj - Hypnosinstitutet i Stockholm\",\"isPartOf\":{\"@id\":\"https:\\\/\\\/www.hypnosinstitutet.com\\\/sv\\\/#website\"},\"datePublished\":\"2017-04-26T21:17:31+00:00\",\"dateModified\":\"2017-04-26T23:57:08+00:00\",\"breadcrumb\":{\"@id\":\"https:\\\/\\\/www.hypnosinstitutet.com\\\/sv\\\/blogg\\\/sjalvhypnoskurs-kurs-i-hypnos-och-sjalvhypnos-den-27-28-maj#breadcrumb\"},\"inLanguage\":\"sv-SE\",\"potentialAction\":[{\"@type\":\"ReadAction\",\"target\":[\"https:\\\/\\\/www.hypnosinstitutet.com\\\/sv\\\/blogg\\\/sjalvhypnoskurs-kurs-i-hypnos-och-sjalvhypnos-den-27-28-maj\"]}]},{\"@type\":\"BreadcrumbList\",\"@id\":\"https:\\\/\\\/www.hypnosinstitutet.com\\\/sv\\\/blogg\\\/sjalvhypnoskurs-kurs-i-hypnos-och-sjalvhypnos-den-27-28-maj#breadcrumb\",\"itemListElement\":[{\"@type\":\"ListItem\",\"position\":1,\"name\":\"Hem\",\"item\":\"https:\\\/\\\/www.hypnosinstitutet.com\\\/sv\\\/\"},{\"@type\":\"ListItem\",\"position\":2,\"name\":\"Sj\u00e4lvhypnoskurs &#8211; kurs i hypnos och sj\u00e4lvhypnos den 27-28 maj\"}]},{\"@type\":\"WebSite\",\"@id\":\"https:\\\/\\\/www.hypnosinstitutet.com\\\/sv\\\/#website\",\"url\":\"https:\\\/\\\/www.hypnosinstitutet.com\\\/sv\\\/\",\"name\":\"Hypnosinstitutet\",\"description\":\"Hypnos &amp; sj\u00e4lvhypnos f\u00f6r personlig f\u00f6r\u00e4ndring\",\"publisher\":{\"@id\":\"https:\\\/\\\/www.hypnosinstitutet.com\\\/sv\\\/#\\\/schema\\\/person\\\/708ecc4150f6e100a36c97043a1a5d57\"},\"potentialAction\":[{\"@type\":\"SearchAction\",\"target\":{\"@type\":\"EntryPoint\",\"urlTemplate\":\"https:\\\/\\\/www.hypnosinstitutet.com\\\/sv\\\/?s={search_term_string}\"},\"query-input\":{\"@type\":\"PropertyValueSpecification\",\"valueRequired\":true,\"valueName\":\"search_term_string\"}}],\"inLanguage\":\"sv-SE\"},{\"@type\":[\"Person\",\"Organization\"],\"@id\":\"https:\\\/\\\/www.hypnosinstitutet.com\\\/sv\\\/#\\\/schema\\\/person\\\/708ecc4150f6e100a36c97043a1a5d57\",\"name\":\"H\u00e5kan K\u00e4llving\",\"image\":{\"@type\":\"ImageObject\",\"inLanguage\":\"sv-SE\",\"@id\":\"https:\\\/\\\/www.hypnosinstitutet.com\\\/sv\\\/wp-content\\\/uploads\\\/2016\\\/04\\\/IMG.jpg\",\"url\":\"https:\\\/\\\/www.hypnosinstitutet.com\\\/sv\\\/wp-content\\\/uploads\\\/2016\\\/04\\\/IMG.jpg\",\"contentUrl\":\"https:\\\/\\\/www.hypnosinstitutet.com\\\/sv\\\/wp-content\\\/uploads\\\/2016\\\/04\\\/IMG.jpg\",\"width\":2054,\"height\":2053,\"caption\":\"H\u00e5kan K\u00e4llving\"},\"logo\":{\"@id\":\"https:\\\/\\\/www.hypnosinstitutet.com\\\/sv\\\/wp-content\\\/uploads\\\/2016\\\/04\\\/IMG.jpg\"},\"sameAs\":[\"https:\\\/\\\/www.hypnosinstitutet.com\"],\"url\":\"https:\\\/\\\/www.hypnosinstitutet.com\\\/sv\\\/blogg\\\/author\\\/admin\"}]}<\/script>\n<!-- \/ Yoast SEO plugin. -->","yoast_head_json":{"title":"Sj\u00e4lvhypnoskurs - kurs i hypnos och sj\u00e4lvhypnos den 27-28 maj - Hypnosinstitutet i Stockholm","robots":{"index":"index","follow":"follow","max-snippet":"max-snippet:-1","max-image-preview":"max-image-preview:large","max-video-preview":"max-video-preview:-1"},"canonical":"https:\/\/www.hypnosinstitutet.com\/sv\/blogg\/sjalvhypnoskurs-kurs-i-hypnos-och-sjalvhypnos-den-27-28-maj","og_locale":"sv_SE","og_type":"article","og_title":"Sj\u00e4lvhypnoskurs - kurs i hypnos och sj\u00e4lvhypnos den 27-28 maj - Hypnosinstitutet i Stockholm","og_description":"Sj\u00e4lvhypnoskursen den 27-28 maj 2017 &#8211; ett komplett steg-f\u00f6r-steg program f\u00f6r personlig f\u00f6r\u00e4ndring Det blir drygt ett \u00e5r sedan den senaste kursen i sj\u00e4lvhypnos h\u00f6lls och d\u00e5 inga fler kurstillf\u00e4llen planerats in s\u00e5 l\u00e4r det dr\u00f6ja minst lika l\u00e4nge tills n\u00e4sta kurstillf\u00e4lle g\u00e5r av stapeln igen. Detta fr\u00e4mst d\u00e5 kursverksamheten glesats ut f\u00f6r att bereda...","og_url":"https:\/\/www.hypnosinstitutet.com\/sv\/blogg\/sjalvhypnoskurs-kurs-i-hypnos-och-sjalvhypnos-den-27-28-maj","og_site_name":"Hypnosinstitutet i Stockholm","article_published_time":"2017-04-26T21:17:31+00:00","article_modified_time":"2017-04-26T23:57:08+00:00","author":"H\u00e5kan K\u00e4llving","twitter_card":"summary_large_image","twitter_misc":{"Skriven av":"H\u00e5kan K\u00e4llving","Ber\u00e4knad l\u00e4stid":"1 minut"},"schema":{"@context":"https:\/\/schema.org","@graph":[{"@type":"Article","@id":"https:\/\/www.hypnosinstitutet.com\/sv\/blogg\/sjalvhypnoskurs-kurs-i-hypnos-och-sjalvhypnos-den-27-28-maj#article","isPartOf":{"@id":"https:\/\/www.hypnosinstitutet.com\/sv\/blogg\/sjalvhypnoskurs-kurs-i-hypnos-och-sjalvhypnos-den-27-28-maj"},"author":{"name":"H\u00e5kan K\u00e4llving","@id":"https:\/\/www.hypnosinstitutet.com\/sv\/#\/schema\/person\/708ecc4150f6e100a36c97043a1a5d57"},"headline":"Sj\u00e4lvhypnoskurs &#8211; kurs i hypnos och sj\u00e4lvhypnos den 27-28 maj","datePublished":"2017-04-26T21:17:31+00:00","dateModified":"2017-04-26T23:57:08+00:00","mainEntityOfPage":{"@id":"https:\/\/www.hypnosinstitutet.com\/sv\/blogg\/sjalvhypnoskurs-kurs-i-hypnos-och-sjalvhypnos-den-27-28-maj"},"wordCount":196,"commentCount":0,"publisher":{"@id":"https:\/\/www.hypnosinstitutet.com\/sv\/#\/schema\/person\/708ecc4150f6e100a36c97043a1a5d57"},"articleSection":["Sj\u00e4lvhypnoskurser"],"inLanguage":"sv-SE","potentialAction":[{"@type":"CommentAction","name":"Comment","target":["https:\/\/www.hypnosinstitutet.com\/sv\/blogg\/sjalvhypnoskurs-kurs-i-hypnos-och-sjalvhypnos-den-27-28-maj#respond"]}]},{"@type":"WebPage","@id":"https:\/\/www.hypnosinstitutet.com\/sv\/blogg\/sjalvhypnoskurs-kurs-i-hypnos-och-sjalvhypnos-den-27-28-maj","url":"https:\/\/www.hypnosinstitutet.com\/sv\/blogg\/sjalvhypnoskurs-kurs-i-hypnos-och-sjalvhypnos-den-27-28-maj","name":"Sj\u00e4lvhypnoskurs - kurs i hypnos och sj\u00e4lvhypnos den 27-28 maj - Hypnosinstitutet i Stockholm","isPartOf":{"@id":"https:\/\/www.hypnosinstitutet.com\/sv\/#website"},"datePublished":"2017-04-26T21:17:31+00:00","dateModified":"2017-04-26T23:57:08+00:00","breadcrumb":{"@id":"https:\/\/www.hypnosinstitutet.com\/sv\/blogg\/sjalvhypnoskurs-kurs-i-hypnos-och-sjalvhypnos-den-27-28-maj#breadcrumb"},"inLanguage":"sv-SE","potentialAction":[{"@type":"ReadAction","target":["https:\/\/www.hypnosinstitutet.com\/sv\/blogg\/sjalvhypnoskurs-kurs-i-hypnos-och-sjalvhypnos-den-27-28-maj"]}]},{"@type":"BreadcrumbList","@id":"https:\/\/www.hypnosinstitutet.com\/sv\/blogg\/sjalvhypnoskurs-kurs-i-hypnos-och-sjalvhypnos-den-27-28-maj#breadcrumb","itemListElement":[{"@type":"ListItem","position":1,"name":"Hem","item":"https:\/\/www.hypnosinstitutet.com\/sv\/"},{"@type":"ListItem","position":2,"name":"Sj\u00e4lvhypnoskurs &#8211; kurs i hypnos och sj\u00e4lvhypnos den 27-28 maj"}]},{"@type":"WebSite","@id":"https:\/\/www.hypnosinstitutet.com\/sv\/#website","url":"https:\/\/www.hypnosinstitutet.com\/sv\/","name":"Hypnosinstitutet","description":"Hypnos &amp; sj\u00e4lvhypnos f\u00f6r personlig f\u00f6r\u00e4ndring","publisher":{"@id":"https:\/\/www.hypnosinstitutet.com\/sv\/#\/schema\/person\/708ecc4150f6e100a36c97043a1a5d57"},"potentialAction":[{"@type":"SearchAction","target":{"@type":"EntryPoint","urlTemplate":"https:\/\/www.hypnosinstitutet.com\/sv\/?s={search_term_string}"},"query-input":{"@type":"PropertyValueSpecification","valueRequired":true,"valueName":"search_term_string"}}],"inLanguage":"sv-SE"},{"@type":["Person","Organization"],"@id":"https:\/\/www.hypnosinstitutet.com\/sv\/#\/schema\/person\/708ecc4150f6e100a36c97043a1a5d57","name":"H\u00e5kan K\u00e4llving","image":{"@type":"ImageObject","inLanguage":"sv-SE","@id":"https:\/\/www.hypnosinstitutet.com\/sv\/wp-content\/uploads\/2016\/04\/IMG.jpg","url":"https:\/\/www.hypnosinstitutet.com\/sv\/wp-content\/uploads\/2016\/04\/IMG.jpg","contentUrl":"https:\/\/www.hypnosinstitutet.com\/sv\/wp-content\/uploads\/2016\/04\/IMG.jpg","width":2054,"height":2053,"caption":"H\u00e5kan K\u00e4llving"},"logo":{"@id":"https:\/\/www.hypnosinstitutet.com\/sv\/wp-content\/uploads\/2016\/04\/IMG.jpg"},"sameAs":["https:\/\/www.hypnosinstitutet.com"],"url":"https:\/\/www.hypnosinstitutet.com\/sv\/blogg\/author\/admin"}]}},"_links":{"self":[{"href":"https:\/\/www.hypnosinstitutet.com\/sv\/wp-json\/wp\/v2\/posts\/482","targetHints":{"allow":["GET"]}}],"collection":[{"href":"https:\/\/www.hypnosinstitutet.com\/sv\/wp-json\/wp\/v2\/posts"}],"about":[{"href":"https:\/\/www.hypnosinstitutet.com\/sv\/wp-json\/wp\/v2\/types\/post"}],"author":[{"embeddable":true,"href":"https:\/\/www.hypnosinstitutet.com\/sv\/wp-json\/wp\/v2\/users\/1"}],"replies":[{"embeddable":true,"href":"https:\/\/www.hypnosinstitutet.com\/sv\/wp-json\/wp\/v2\/comments?post=482"}],"version-history":[{"count":6,"href":"https:\/\/www.hypnosinstitutet.com\/sv\/wp-json\/wp\/v2\/posts\/482\/revisions"}],"predecessor-version":[{"id":499,"href":"https:\/\/www.hypnosinstitutet.com\/sv\/wp-json\/wp\/v2\/posts\/482\/revisions\/499"}],"wp:attachment":[{"href":"https:\/\/www.hypnosinstitutet.com\/sv\/wp-json\/wp\/v2\/media?parent=482"}],"wp:term":[{"taxonomy":"category","embeddable":true,"href":"https:\/\/www.hypnosinstitutet.com\/sv\/wp-json\/wp\/v2\/categories?post=482"},{"taxonomy":"post_tag","embeddable":true,"href":"https:\/\/www.hypnosinstitutet.com\/sv\/wp-json\/wp\/v2\/tags?post=482"}],"curies":[{"name":"wp","href":"https:\/\/api.w.org\/{rel}","templated":true}]}}