{"id":504,"date":"2018-11-15T12:10:30","date_gmt":"2018-11-15T10:10:30","guid":{"rendered":"https:\/\/www.hypnosinstitutet.com\/sv\/?p=504"},"modified":"2018-11-16T19:29:14","modified_gmt":"2018-11-16T17:29:14","slug":"sjalvhypnoskurs-den-1-2-december-2018","status":"publish","type":"post","link":"https:\/\/www.hypnosinstitutet.com\/sv\/blogg\/sjalvhypnoskurs-den-1-2-december-2018","title":{"rendered":"Sj\u00e4lvhypnoskurs den 1-2 december 2018"},"content":{"rendered":"<p>&nbsp;<\/p>\n<header class=\"entry-header\" style=\"display: block; color: #373737; font-family: 'Helvetica Neue', Helvetica, Arial, sans-serif; font-size: 15px; font-style: normal; font-variant-ligatures: normal; font-variant-caps: normal; font-weight: 300; letter-spacing: normal; orphans: 2; text-align: start; text-indent: 0px; text-transform: none; white-space: normal; widows: 2; word-spacing: 0px; -webkit-text-stroke-width: 0px; text-decoration-style: initial; text-decoration-color: initial;\">\n<h1 class=\"entry-title\">Sj\u00e4lvhypnoskurs \u2013 kurs i hypnos &amp; sj\u00e4lvhypnos 1-2 december 2018<\/h1>\n<div class=\"entry-meta\"><strong>Sj\u00e4lvhypnoskursen \u00e4r ett komplett steg-f\u00f6r-steg program f\u00f6r personlig f\u00f6r\u00e4ndring.<\/strong><\/div>\n<\/header>\n<div class=\"entry-content\" style=\"border: 0px; font-family: 'Helvetica Neue', Helvetica, Arial, sans-serif; font-size: 15px; font-style: normal; font-weight: 300; margin: 0px; outline: 0px; padding: 30px 0px 0px; vertical-align: baseline; color: #373737; font-variant-ligatures: normal; font-variant-caps: normal; letter-spacing: normal; orphans: 2; text-align: start; text-indent: 0px; text-transform: none; white-space: normal; widows: 2; word-spacing: 0px; -webkit-text-stroke-width: 0px; text-decoration-style: initial; text-decoration-color: initial;\">\n<div><\/div>\n<div>Det \u00e4r nu \u00f6ver ett och ett halvt \u00e5r sedan senaste kurstillf\u00e4llet i sj\u00e4lvhypnos h\u00f6lls. Vi h\u00e5ller \u00e5terigen till i H\u00e4lsans hus, det blir i den minsta av lokalerna denna g\u00e5ng med begr\u00e4nsat antal platser som l\u00e4r fyllas upp snabbt.<\/div>\n<div><\/div>\n<div>F\u00f6r fr\u00e5gor eller ytterligare information betr\u00e4ffande sj\u00e4lvhypnoskursen har du f\u00f6ljande tre alternativ att v\u00e4lja mellan:<br \/>\n\u2022\u00a0\u00a0\u00a0 E-posta p\u00e5:\u00a0<a href=\"mailto:info@hypnosinstitutet.com\">info@hypnosinstitutet.com<\/a>\u00a0och skriv \u201dkursinfo december 2018\u201d i \u00e4mnesraden med bifogade fr\u00e5gor s\u00e5 f\u00e5r du information via e-post.<br \/>\n\u2022\u00a0\u00a0\u00a0 Ring: 08-600 29 00<br \/>\n\u2022\u00a0\u00a0\u00a0 Skriv till:<\/div>\n<div>Hypnosinstitutet i Stockholm<br \/>\nArbetargatan 32<br \/>\n112 45\u00a0 STOCKHOLM<\/div>\n<\/div>\n","protected":false},"excerpt":{"rendered":"<p>&nbsp; Sj\u00e4lvhypnoskurs \u2013 kurs i hypnos &amp; sj\u00e4lvhypnos 1-2 december 2018 Sj\u00e4lvhypnoskursen \u00e4r ett komplett steg-f\u00f6r-steg program f\u00f6r personlig f\u00f6r\u00e4ndring. Det \u00e4r nu \u00f6ver ett och ett halvt \u00e5r sedan senaste kurstillf\u00e4llet i sj\u00e4lvhypnos h\u00f6lls. Vi h\u00e5ller \u00e5terigen till i H\u00e4lsans hus, det blir i den minsta av lokalerna denna g\u00e5ng med begr\u00e4nsat antal platser&#8230;<\/p>\n","protected":false},"author":1,"featured_media":397,"comment_status":"open","ping_status":"open","sticky":false,"template":"","format":"standard","meta":{"footnotes":""},"categories":[5],"tags":[],"class_list":["post-504","post","type-post","status-publish","format-standard","has-post-thumbnail","hentry","category-sjalvhypnos"],"yoast_head":"<!-- This site is optimized with the Yoast SEO plugin v27.5 - https:\/\/yoast.com\/product\/yoast-seo-wordpress\/ -->\n<title>Sj\u00e4lvhypnoskurs den 1-2 december 2018 - Hypnosinstitutet i Stockholm<\/title>\n<meta name=\"robots\" content=\"index, follow, max-snippet:-1, max-image-preview:large, max-video-preview:-1\" \/>\n<link rel=\"canonical\" href=\"https:\/\/www.hypnosinstitutet.com\/sv\/blogg\/sjalvhypnoskurs-den-1-2-december-2018\" \/>\n<meta property=\"og:locale\" content=\"sv_SE\" \/>\n<meta property=\"og:type\" content=\"article\" \/>\n<meta property=\"og:title\" content=\"Sj\u00e4lvhypnoskurs den 1-2 december 2018 - Hypnosinstitutet i Stockholm\" \/>\n<meta property=\"og:description\" content=\"&nbsp; Sj\u00e4lvhypnoskurs \u2013 kurs i hypnos &amp; sj\u00e4lvhypnos 1-2 december 2018 Sj\u00e4lvhypnoskursen \u00e4r ett komplett steg-f\u00f6r-steg program f\u00f6r personlig f\u00f6r\u00e4ndring. Det \u00e4r nu \u00f6ver ett och ett halvt \u00e5r sedan senaste kurstillf\u00e4llet i sj\u00e4lvhypnos h\u00f6lls. Vi h\u00e5ller \u00e5terigen till i H\u00e4lsans hus, det blir i den minsta av lokalerna denna g\u00e5ng med begr\u00e4nsat antal platser...\" \/>\n<meta property=\"og:url\" content=\"https:\/\/www.hypnosinstitutet.com\/sv\/blogg\/sjalvhypnoskurs-den-1-2-december-2018\" \/>\n<meta property=\"og:site_name\" content=\"Hypnosinstitutet i Stockholm\" \/>\n<meta property=\"article:published_time\" content=\"2018-11-15T10:10:30+00:00\" \/>\n<meta property=\"article:modified_time\" content=\"2018-11-16T17:29:14+00:00\" \/>\n<meta property=\"og:image\" content=\"https:\/\/www.hypnosinstitutet.com\/sv\/wp-content\/uploads\/2015\/04\/header.jpg\" \/>\n\t<meta property=\"og:image:width\" content=\"874\" \/>\n\t<meta property=\"og:image:height\" content=\"175\" \/>\n\t<meta property=\"og:image:type\" content=\"image\/jpeg\" \/>\n<meta name=\"author\" content=\"H\u00e5kan K\u00e4llving\" \/>\n<meta name=\"twitter:card\" content=\"summary_large_image\" \/>\n<meta name=\"twitter:label1\" content=\"Skriven av\" \/>\n\t<meta name=\"twitter:data1\" content=\"H\u00e5kan K\u00e4llving\" \/>\n\t<meta name=\"twitter:label2\" content=\"Ber\u00e4knad l\u00e4stid\" \/>\n\t<meta name=\"twitter:data2\" content=\"1 minut\" \/>\n<script type=\"application\/ld+json\" class=\"yoast-schema-graph\">{\"@context\":\"https:\\\/\\\/schema.org\",\"@graph\":[{\"@type\":\"Article\",\"@id\":\"https:\\\/\\\/www.hypnosinstitutet.com\\\/sv\\\/blogg\\\/sjalvhypnoskurs-den-1-2-december-2018#article\",\"isPartOf\":{\"@id\":\"https:\\\/\\\/www.hypnosinstitutet.com\\\/sv\\\/blogg\\\/sjalvhypnoskurs-den-1-2-december-2018\"},\"author\":{\"name\":\"H\u00e5kan K\u00e4llving\",\"@id\":\"https:\\\/\\\/www.hypnosinstitutet.com\\\/sv\\\/#\\\/schema\\\/person\\\/708ecc4150f6e100a36c97043a1a5d57\"},\"headline\":\"Sj\u00e4lvhypnoskurs den 1-2 december 2018\",\"datePublished\":\"2018-11-15T10:10:30+00:00\",\"dateModified\":\"2018-11-16T17:29:14+00:00\",\"mainEntityOfPage\":{\"@id\":\"https:\\\/\\\/www.hypnosinstitutet.com\\\/sv\\\/blogg\\\/sjalvhypnoskurs-den-1-2-december-2018\"},\"wordCount\":130,\"commentCount\":4,\"publisher\":{\"@id\":\"https:\\\/\\\/www.hypnosinstitutet.com\\\/sv\\\/#\\\/schema\\\/person\\\/708ecc4150f6e100a36c97043a1a5d57\"},\"image\":{\"@id\":\"https:\\\/\\\/www.hypnosinstitutet.com\\\/sv\\\/blogg\\\/sjalvhypnoskurs-den-1-2-december-2018#primaryimage\"},\"thumbnailUrl\":\"https:\\\/\\\/www.hypnosinstitutet.com\\\/sv\\\/wp-content\\\/uploads\\\/2015\\\/04\\\/header.jpg\",\"articleSection\":[\"Sj\u00e4lvhypnoskurser\"],\"inLanguage\":\"sv-SE\",\"potentialAction\":[{\"@type\":\"CommentAction\",\"name\":\"Comment\",\"target\":[\"https:\\\/\\\/www.hypnosinstitutet.com\\\/sv\\\/blogg\\\/sjalvhypnoskurs-den-1-2-december-2018#respond\"]}]},{\"@type\":\"WebPage\",\"@id\":\"https:\\\/\\\/www.hypnosinstitutet.com\\\/sv\\\/blogg\\\/sjalvhypnoskurs-den-1-2-december-2018\",\"url\":\"https:\\\/\\\/www.hypnosinstitutet.com\\\/sv\\\/blogg\\\/sjalvhypnoskurs-den-1-2-december-2018\",\"name\":\"Sj\u00e4lvhypnoskurs den 1-2 december 2018 - Hypnosinstitutet i Stockholm\",\"isPartOf\":{\"@id\":\"https:\\\/\\\/www.hypnosinstitutet.com\\\/sv\\\/#website\"},\"primaryImageOfPage\":{\"@id\":\"https:\\\/\\\/www.hypnosinstitutet.com\\\/sv\\\/blogg\\\/sjalvhypnoskurs-den-1-2-december-2018#primaryimage\"},\"image\":{\"@id\":\"https:\\\/\\\/www.hypnosinstitutet.com\\\/sv\\\/blogg\\\/sjalvhypnoskurs-den-1-2-december-2018#primaryimage\"},\"thumbnailUrl\":\"https:\\\/\\\/www.hypnosinstitutet.com\\\/sv\\\/wp-content\\\/uploads\\\/2015\\\/04\\\/header.jpg\",\"datePublished\":\"2018-11-15T10:10:30+00:00\",\"dateModified\":\"2018-11-16T17:29:14+00:00\",\"breadcrumb\":{\"@id\":\"https:\\\/\\\/www.hypnosinstitutet.com\\\/sv\\\/blogg\\\/sjalvhypnoskurs-den-1-2-december-2018#breadcrumb\"},\"inLanguage\":\"sv-SE\",\"potentialAction\":[{\"@type\":\"ReadAction\",\"target\":[\"https:\\\/\\\/www.hypnosinstitutet.com\\\/sv\\\/blogg\\\/sjalvhypnoskurs-den-1-2-december-2018\"]}]},{\"@type\":\"ImageObject\",\"inLanguage\":\"sv-SE\",\"@id\":\"https:\\\/\\\/www.hypnosinstitutet.com\\\/sv\\\/blogg\\\/sjalvhypnoskurs-den-1-2-december-2018#primaryimage\",\"url\":\"https:\\\/\\\/www.hypnosinstitutet.com\\\/sv\\\/wp-content\\\/uploads\\\/2015\\\/04\\\/header.jpg\",\"contentUrl\":\"https:\\\/\\\/www.hypnosinstitutet.com\\\/sv\\\/wp-content\\\/uploads\\\/2015\\\/04\\\/header.jpg\",\"width\":874,\"height\":175},{\"@type\":\"BreadcrumbList\",\"@id\":\"https:\\\/\\\/www.hypnosinstitutet.com\\\/sv\\\/blogg\\\/sjalvhypnoskurs-den-1-2-december-2018#breadcrumb\",\"itemListElement\":[{\"@type\":\"ListItem\",\"position\":1,\"name\":\"Hem\",\"item\":\"https:\\\/\\\/www.hypnosinstitutet.com\\\/sv\\\/\"},{\"@type\":\"ListItem\",\"position\":2,\"name\":\"Sj\u00e4lvhypnoskurs den 1-2 december 2018\"}]},{\"@type\":\"WebSite\",\"@id\":\"https:\\\/\\\/www.hypnosinstitutet.com\\\/sv\\\/#website\",\"url\":\"https:\\\/\\\/www.hypnosinstitutet.com\\\/sv\\\/\",\"name\":\"Hypnosinstitutet\",\"description\":\"Hypnos &amp; sj\u00e4lvhypnos f\u00f6r personlig f\u00f6r\u00e4ndring\",\"publisher\":{\"@id\":\"https:\\\/\\\/www.hypnosinstitutet.com\\\/sv\\\/#\\\/schema\\\/person\\\/708ecc4150f6e100a36c97043a1a5d57\"},\"potentialAction\":[{\"@type\":\"SearchAction\",\"target\":{\"@type\":\"EntryPoint\",\"urlTemplate\":\"https:\\\/\\\/www.hypnosinstitutet.com\\\/sv\\\/?s={search_term_string}\"},\"query-input\":{\"@type\":\"PropertyValueSpecification\",\"valueRequired\":true,\"valueName\":\"search_term_string\"}}],\"inLanguage\":\"sv-SE\"},{\"@type\":[\"Person\",\"Organization\"],\"@id\":\"https:\\\/\\\/www.hypnosinstitutet.com\\\/sv\\\/#\\\/schema\\\/person\\\/708ecc4150f6e100a36c97043a1a5d57\",\"name\":\"H\u00e5kan K\u00e4llving\",\"image\":{\"@type\":\"ImageObject\",\"inLanguage\":\"sv-SE\",\"@id\":\"https:\\\/\\\/www.hypnosinstitutet.com\\\/sv\\\/wp-content\\\/uploads\\\/2016\\\/04\\\/IMG.jpg\",\"url\":\"https:\\\/\\\/www.hypnosinstitutet.com\\\/sv\\\/wp-content\\\/uploads\\\/2016\\\/04\\\/IMG.jpg\",\"contentUrl\":\"https:\\\/\\\/www.hypnosinstitutet.com\\\/sv\\\/wp-content\\\/uploads\\\/2016\\\/04\\\/IMG.jpg\",\"width\":2054,\"height\":2053,\"caption\":\"H\u00e5kan K\u00e4llving\"},\"logo\":{\"@id\":\"https:\\\/\\\/www.hypnosinstitutet.com\\\/sv\\\/wp-content\\\/uploads\\\/2016\\\/04\\\/IMG.jpg\"},\"sameAs\":[\"https:\\\/\\\/www.hypnosinstitutet.com\"],\"url\":\"https:\\\/\\\/www.hypnosinstitutet.com\\\/sv\\\/blogg\\\/author\\\/admin\"}]}<\/script>\n<!-- \/ Yoast SEO plugin. -->","yoast_head_json":{"title":"Sj\u00e4lvhypnoskurs den 1-2 december 2018 - Hypnosinstitutet i Stockholm","robots":{"index":"index","follow":"follow","max-snippet":"max-snippet:-1","max-image-preview":"max-image-preview:large","max-video-preview":"max-video-preview:-1"},"canonical":"https:\/\/www.hypnosinstitutet.com\/sv\/blogg\/sjalvhypnoskurs-den-1-2-december-2018","og_locale":"sv_SE","og_type":"article","og_title":"Sj\u00e4lvhypnoskurs den 1-2 december 2018 - Hypnosinstitutet i Stockholm","og_description":"&nbsp; Sj\u00e4lvhypnoskurs \u2013 kurs i hypnos &amp; sj\u00e4lvhypnos 1-2 december 2018 Sj\u00e4lvhypnoskursen \u00e4r ett komplett steg-f\u00f6r-steg program f\u00f6r personlig f\u00f6r\u00e4ndring. Det \u00e4r nu \u00f6ver ett och ett halvt \u00e5r sedan senaste kurstillf\u00e4llet i sj\u00e4lvhypnos h\u00f6lls. Vi h\u00e5ller \u00e5terigen till i H\u00e4lsans hus, det blir i den minsta av lokalerna denna g\u00e5ng med begr\u00e4nsat antal platser...","og_url":"https:\/\/www.hypnosinstitutet.com\/sv\/blogg\/sjalvhypnoskurs-den-1-2-december-2018","og_site_name":"Hypnosinstitutet i Stockholm","article_published_time":"2018-11-15T10:10:30+00:00","article_modified_time":"2018-11-16T17:29:14+00:00","og_image":[{"width":874,"height":175,"url":"https:\/\/www.hypnosinstitutet.com\/sv\/wp-content\/uploads\/2015\/04\/header.jpg","type":"image\/jpeg"}],"author":"H\u00e5kan K\u00e4llving","twitter_card":"summary_large_image","twitter_misc":{"Skriven av":"H\u00e5kan K\u00e4llving","Ber\u00e4knad l\u00e4stid":"1 minut"},"schema":{"@context":"https:\/\/schema.org","@graph":[{"@type":"Article","@id":"https:\/\/www.hypnosinstitutet.com\/sv\/blogg\/sjalvhypnoskurs-den-1-2-december-2018#article","isPartOf":{"@id":"https:\/\/www.hypnosinstitutet.com\/sv\/blogg\/sjalvhypnoskurs-den-1-2-december-2018"},"author":{"name":"H\u00e5kan K\u00e4llving","@id":"https:\/\/www.hypnosinstitutet.com\/sv\/#\/schema\/person\/708ecc4150f6e100a36c97043a1a5d57"},"headline":"Sj\u00e4lvhypnoskurs den 1-2 december 2018","datePublished":"2018-11-15T10:10:30+00:00","dateModified":"2018-11-16T17:29:14+00:00","mainEntityOfPage":{"@id":"https:\/\/www.hypnosinstitutet.com\/sv\/blogg\/sjalvhypnoskurs-den-1-2-december-2018"},"wordCount":130,"commentCount":4,"publisher":{"@id":"https:\/\/www.hypnosinstitutet.com\/sv\/#\/schema\/person\/708ecc4150f6e100a36c97043a1a5d57"},"image":{"@id":"https:\/\/www.hypnosinstitutet.com\/sv\/blogg\/sjalvhypnoskurs-den-1-2-december-2018#primaryimage"},"thumbnailUrl":"https:\/\/www.hypnosinstitutet.com\/sv\/wp-content\/uploads\/2015\/04\/header.jpg","articleSection":["Sj\u00e4lvhypnoskurser"],"inLanguage":"sv-SE","potentialAction":[{"@type":"CommentAction","name":"Comment","target":["https:\/\/www.hypnosinstitutet.com\/sv\/blogg\/sjalvhypnoskurs-den-1-2-december-2018#respond"]}]},{"@type":"WebPage","@id":"https:\/\/www.hypnosinstitutet.com\/sv\/blogg\/sjalvhypnoskurs-den-1-2-december-2018","url":"https:\/\/www.hypnosinstitutet.com\/sv\/blogg\/sjalvhypnoskurs-den-1-2-december-2018","name":"Sj\u00e4lvhypnoskurs den 1-2 december 2018 - Hypnosinstitutet i Stockholm","isPartOf":{"@id":"https:\/\/www.hypnosinstitutet.com\/sv\/#website"},"primaryImageOfPage":{"@id":"https:\/\/www.hypnosinstitutet.com\/sv\/blogg\/sjalvhypnoskurs-den-1-2-december-2018#primaryimage"},"image":{"@id":"https:\/\/www.hypnosinstitutet.com\/sv\/blogg\/sjalvhypnoskurs-den-1-2-december-2018#primaryimage"},"thumbnailUrl":"https:\/\/www.hypnosinstitutet.com\/sv\/wp-content\/uploads\/2015\/04\/header.jpg","datePublished":"2018-11-15T10:10:30+00:00","dateModified":"2018-11-16T17:29:14+00:00","breadcrumb":{"@id":"https:\/\/www.hypnosinstitutet.com\/sv\/blogg\/sjalvhypnoskurs-den-1-2-december-2018#breadcrumb"},"inLanguage":"sv-SE","potentialAction":[{"@type":"ReadAction","target":["https:\/\/www.hypnosinstitutet.com\/sv\/blogg\/sjalvhypnoskurs-den-1-2-december-2018"]}]},{"@type":"ImageObject","inLanguage":"sv-SE","@id":"https:\/\/www.hypnosinstitutet.com\/sv\/blogg\/sjalvhypnoskurs-den-1-2-december-2018#primaryimage","url":"https:\/\/www.hypnosinstitutet.com\/sv\/wp-content\/uploads\/2015\/04\/header.jpg","contentUrl":"https:\/\/www.hypnosinstitutet.com\/sv\/wp-content\/uploads\/2015\/04\/header.jpg","width":874,"height":175},{"@type":"BreadcrumbList","@id":"https:\/\/www.hypnosinstitutet.com\/sv\/blogg\/sjalvhypnoskurs-den-1-2-december-2018#breadcrumb","itemListElement":[{"@type":"ListItem","position":1,"name":"Hem","item":"https:\/\/www.hypnosinstitutet.com\/sv\/"},{"@type":"ListItem","position":2,"name":"Sj\u00e4lvhypnoskurs den 1-2 december 2018"}]},{"@type":"WebSite","@id":"https:\/\/www.hypnosinstitutet.com\/sv\/#website","url":"https:\/\/www.hypnosinstitutet.com\/sv\/","name":"Hypnosinstitutet","description":"Hypnos &amp; sj\u00e4lvhypnos f\u00f6r personlig f\u00f6r\u00e4ndring","publisher":{"@id":"https:\/\/www.hypnosinstitutet.com\/sv\/#\/schema\/person\/708ecc4150f6e100a36c97043a1a5d57"},"potentialAction":[{"@type":"SearchAction","target":{"@type":"EntryPoint","urlTemplate":"https:\/\/www.hypnosinstitutet.com\/sv\/?s={search_term_string}"},"query-input":{"@type":"PropertyValueSpecification","valueRequired":true,"valueName":"search_term_string"}}],"inLanguage":"sv-SE"},{"@type":["Person","Organization"],"@id":"https:\/\/www.hypnosinstitutet.com\/sv\/#\/schema\/person\/708ecc4150f6e100a36c97043a1a5d57","name":"H\u00e5kan K\u00e4llving","image":{"@type":"ImageObject","inLanguage":"sv-SE","@id":"https:\/\/www.hypnosinstitutet.com\/sv\/wp-content\/uploads\/2016\/04\/IMG.jpg","url":"https:\/\/www.hypnosinstitutet.com\/sv\/wp-content\/uploads\/2016\/04\/IMG.jpg","contentUrl":"https:\/\/www.hypnosinstitutet.com\/sv\/wp-content\/uploads\/2016\/04\/IMG.jpg","width":2054,"height":2053,"caption":"H\u00e5kan K\u00e4llving"},"logo":{"@id":"https:\/\/www.hypnosinstitutet.com\/sv\/wp-content\/uploads\/2016\/04\/IMG.jpg"},"sameAs":["https:\/\/www.hypnosinstitutet.com"],"url":"https:\/\/www.hypnosinstitutet.com\/sv\/blogg\/author\/admin"}]}},"_links":{"self":[{"href":"https:\/\/www.hypnosinstitutet.com\/sv\/wp-json\/wp\/v2\/posts\/504","targetHints":{"allow":["GET"]}}],"collection":[{"href":"https:\/\/www.hypnosinstitutet.com\/sv\/wp-json\/wp\/v2\/posts"}],"about":[{"href":"https:\/\/www.hypnosinstitutet.com\/sv\/wp-json\/wp\/v2\/types\/post"}],"author":[{"embeddable":true,"href":"https:\/\/www.hypnosinstitutet.com\/sv\/wp-json\/wp\/v2\/users\/1"}],"replies":[{"embeddable":true,"href":"https:\/\/www.hypnosinstitutet.com\/sv\/wp-json\/wp\/v2\/comments?post=504"}],"version-history":[{"count":6,"href":"https:\/\/www.hypnosinstitutet.com\/sv\/wp-json\/wp\/v2\/posts\/504\/revisions"}],"predecessor-version":[{"id":511,"href":"https:\/\/www.hypnosinstitutet.com\/sv\/wp-json\/wp\/v2\/posts\/504\/revisions\/511"}],"wp:featuredmedia":[{"embeddable":true,"href":"https:\/\/www.hypnosinstitutet.com\/sv\/wp-json\/wp\/v2\/media\/397"}],"wp:attachment":[{"href":"https:\/\/www.hypnosinstitutet.com\/sv\/wp-json\/wp\/v2\/media?parent=504"}],"wp:term":[{"taxonomy":"category","embeddable":true,"href":"https:\/\/www.hypnosinstitutet.com\/sv\/wp-json\/wp\/v2\/categories?post=504"},{"taxonomy":"post_tag","embeddable":true,"href":"https:\/\/www.hypnosinstitutet.com\/sv\/wp-json\/wp\/v2\/tags?post=504"}],"curies":[{"name":"wp","href":"https:\/\/api.w.org\/{rel}","templated":true}]}}